{"id":540,"date":"2024-02-14T12:21:03","date_gmt":"2024-02-14T12:21:03","guid":{"rendered":"https:\/\/cvk-apeiron.ba\/?p=540"},"modified":"2024-03-01T12:07:07","modified_gmt":"2024-03-01T12:07:07","slug":"praksa-jovana","status":"publish","type":"post","link":"https:\/\/cvk-apeiron.ba\/index.php\/2024\/02\/14\/praksa-jovana\/","title":{"rendered":"MOJA PRAKSA &#8211; PRI\u010cE NA\u0160IH STUDENATA"},"content":{"rendered":"\t\t<div data-elementor-type=\"wp-post\" data-elementor-id=\"540\" class=\"elementor elementor-540\" data-elementor-settings=\"{&quot;ha_cmc_init_switcher&quot;:&quot;no&quot;}\">\n\t\t\t\t<div class=\"elementor-element elementor-element-858357f e-flex e-con-boxed wpr-particle-no wpr-jarallax-no wpr-parallax-no wpr-sticky-section-no e-con e-parent\" data-id=\"858357f\" data-element_type=\"container\" data-settings=\"{&quot;_ha_eqh_enable&quot;:false}\">\n\t\t\t\t\t<div class=\"e-con-inner\">\n\t\t\t\t<div class=\"elementor-element elementor-element-4b13169 elementor-widget elementor-widget-text-editor\" data-id=\"4b13169\" data-element_type=\"widget\" data-widget_type=\"text-editor.default\">\n\t\t\t\t<div class=\"elementor-widget-container\">\n\t\t\t\t\t\t\t\t\t<p>U okviru programa <strong>MOJA PRAKSA<\/strong> razgovarali smo sa <strong>JOVANOM PILIPOVI\u0106<\/strong> studenticom III godine Fakulteta pravnih nauka:<br \/>Jovana je u\u010destvovala u programu prakse u <strong>Advokatskoj kancelariji BARO\u0160 Banja Luka<\/strong>.<\/p><p><img fetchpriority=\"high\" decoding=\"async\" class=\"alignnone size-medium wp-image-542\" src=\"https:\/\/cvk-apeiron.ba\/wp-content\/uploads\/2024\/02\/jovana_pilipovic_2-297x300.jpg\" alt=\"\" width=\"297\" height=\"300\" srcset=\"https:\/\/cvk-apeiron.ba\/wp-content\/uploads\/2024\/02\/jovana_pilipovic_2-297x300.jpg 297w, https:\/\/cvk-apeiron.ba\/wp-content\/uploads\/2024\/02\/jovana_pilipovic_2-768x775.jpg 768w, https:\/\/cvk-apeiron.ba\/wp-content\/uploads\/2024\/02\/jovana_pilipovic_2.jpg 899w\" sizes=\"(max-width: 297px) 100vw, 297px\" \/><\/p><p>\u00a0<\/p><p><strong>KAKO SI SE ODLU\u010cILA DA U\u010cESTVUJE\u0160 U PROGRAMU STRU\u010cNE PRAKSE CENTRA ZA VO\u0110ENJE KARIJERE?<\/strong><\/p><p>Nakon objavljenog konkursa od strane Centra za razvoj karijere,u kojem se pru\u017eila prilika studentima tre\u0107e i \u010detvrte godine studija Fakulteta Pravih Nauka Apeiron, odlu\u010dila sam da konkuri\u0161em te postanem praktikat u advokatskoj kanecelariji Baro\u0161. Poslije uspje\u0161no obavljene prijave, gdje sam ovla\u0161\u0107enoj osobi iz Centra poslala svoje osnovne podatke i prosjek ocjena dotada\u0161njeg studija, uslijedio je poziv za obavljanje razgovora u gore navedenoj kancelariji. Nakon prvog susreta sa advokatom Predragom Baro\u0161em i informativnog razgovora, \u017eelja za obavljanjem prakse sa \u010dlanovima ovog tima je bila jo\u0161 ve\u0107a. I napokon, \u017eelja se ostvarila, te mi se pru\u017eila mogu\u0107nost da u mjesecu aprilu budem praktikant te pro\u0161irim svoja znanja iz oblasti prava.<\/p><p>\u00a0<\/p><p><strong>DA LI BI IZDVOJILA NEKE POSEBNE TRENUTKE ILI ZADATKE KOJI SU TE POSEBNO MOTIVISALI NA DALJE U\u010cENJE I USAVR\u0160AVANJE<\/strong><\/p><p>Meni li\u010dno najzanimljivi dio prakse svakako je bio prustvo razli\u010ditim ro\u010di\u0161tima, bilo da se raspravljalo o nekoj krivi\u010dnoj ili gra\u0111anskoj stvari. Vidjeti mlade pripravnike, stru\u010dne saradnike i advokate kako zastupaju jednu od stranaka u sporu, zalaganje za njihova prava i interese, svakako je neka nova dimenzija nama studtenima prava. Mene je to potaknulo na razmisljanje koliko sam zapravo spremna da se bavim ti poslom, koliko sam adekvatna za ovo zanimanje i koliko \u0107e mi zapravo trebati da budem na nivou jednog pripravnika koji je sposoban da pristupi ro\u010di\u0161tu.<\/p><p>\u00a0<\/p><p><strong>NEKOLIKO RIJE\u010cI O ADVOKATSKOJ KANCELARIJI BARO\u0160 U KOJOJ SI OBAVLJALA PRAKSU<\/strong><\/p><p>Ne mogu da sakrijem odu\u0161evljenje \u0161to sam upravo ja u ovoj kancelariji obavljala praksu. Prije svega imala sam priliku da mnogo toga nau\u010dim od sjajnih ljudi, koji su prije svega jako stru\u010dni a poslije \u017eargonski re\u010deno dobri su ljudi. Prva su doma\u0107a advokatska kancelarija koja posluje na teritoriji Bosne i Hercegovine sa sjedi\u0161tem u Banjoj Luci i Sarajevu. Profilisani su za pru\u017eanje usluga iz oblasti privrednog prava.. Njihovo iskustvo i stru\u010dne kvalifikacije, u\u010de\u0161\u0107e u velikom broju slo\u017eenih transakcija, predstavljaju njihovo opredjeljenje na putu ka prepoznatljivom pravnom servisu na tr\u017ei\u0161tu Bosne i Hercegovine<\/p><p>\u00a0<\/p><p><b>ZA KRAJ PORUKA KOLEGAMA SA STUDIJA?<\/b><\/p><p>Neizmjerno sam sre\u0107na jer mi je prvo iskustvo bilo upravo ovako pozitivno, zatim jer fakultet daje priliku da napredujemo i usmjeravamo se za \u017eivotni poziv. \u017delim svim kolegama da poru\u010dim da se trude oko svojih ocjena, koliko god da one mo\u017eda nisu mjerilo na\u0161eg znanje, \u010dinjenica je da nam one pru\u017eaju brojne mogu\u0107nosti, koje nisu male s obzirom na dana\u0161nju konkurenciju. Iskreno se nadam da \u0107u i sljede\u0107e godine imati priliku da obavljam praku u nekoj od advokatskih kancelarija, jer pored svega nau\u010denog, ljudi sa kojim sam sara\u0111ivala su me motivisali da radim \u0161to vi\u0161e i da postanem svjesna da se svaki trud isplati.<\/p>\t\t\t\t\t\t\t\t<\/div>\n\t\t\t\t<\/div>\n\t\t\t\t\t<\/div>\n\t\t\t\t<\/div>\n\t\t\t\t<\/div>\n\t\t","protected":false},"excerpt":{"rendered":"<p>U okviru programa MOJA PRAKSA razgovarali smo sa JOVANOM PILIPOVI\u0106 studenticom III godine Fakulteta pravnih nauka:Jovana je u\u010destvovala u programu prakse u Advokatskoj kancelariji BARO\u0160 Banja Luka. \u00a0 KAKO SI SE ODLU\u010cILA DA U\u010cESTVUJE\u0160 U PROGRAMU STRU\u010cNE PRAKSE CENTRA ZA VO\u0110ENJE KARIJERE? Nakon objavljenog konkursa od strane Centra za razvoj karijere,u kojem se pru\u017eila prilika studentima tre\u0107e i \u010detvrte godine studija Fakulteta Pravih Nauka Apeiron, odlu\u010dila sam da konkuri\u0161em te postanem praktikat u advokatskoj kanecelariji Baro\u0161. Poslije uspje\u0161no obavljene prijave, gdje sam ovla\u0161\u0107enoj osobi iz Centra poslala svoje osnovne podatke i prosjek ocjena dotada\u0161njeg studija, uslijedio je poziv za obavljanje razgovora u gore navedenoj kancelariji. Nakon prvog susreta sa advokatom Predragom Baro\u0161em i informativnog razgovora, \u017eelja za obavljanjem prakse sa \u010dlanovima ovog tima je bila jo\u0161 ve\u0107a. I napokon, \u017eelja se ostvarila, te mi se pru\u017eila mogu\u0107nost da u mjesecu aprilu budem praktikant te pro\u0161irim svoja znanja iz oblasti prava. \u00a0 DA LI BI IZDVOJILA NEKE POSEBNE TRENUTKE ILI ZADATKE KOJI SU TE POSEBNO MOTIVISALI NA DALJE U\u010cENJE I USAVR\u0160AVANJE Meni li\u010dno najzanimljivi dio prakse svakako je bio prustvo razli\u010ditim ro\u010di\u0161tima, bilo da se raspravljalo o nekoj krivi\u010dnoj ili gra\u0111anskoj stvari. Vidjeti mlade pripravnike, stru\u010dne saradnike i advokate kako zastupaju jednu od stranaka u sporu, zalaganje za njihova prava i interese, svakako je neka nova dimenzija nama studtenima prava. Mene je to potaknulo na razmisljanje koliko sam zapravo spremna da se bavim ti poslom, koliko sam adekvatna za ovo zanimanje i koliko \u0107e mi zapravo trebati da budem na nivou jednog pripravnika koji je sposoban da pristupi ro\u010di\u0161tu. \u00a0 NEKOLIKO RIJE\u010cI O ADVOKATSKOJ KANCELARIJI BARO\u0160 U KOJOJ SI OBAVLJALA PRAKSU Ne mogu da sakrijem odu\u0161evljenje \u0161to sam upravo ja u ovoj kancelariji obavljala praksu. Prije svega imala sam priliku da mnogo toga nau\u010dim od sjajnih ljudi, koji su prije svega jako stru\u010dni a poslije \u017eargonski re\u010deno dobri su ljudi. Prva su doma\u0107a advokatska kancelarija koja posluje na teritoriji Bosne i Hercegovine sa sjedi\u0161tem u Banjoj Luci i Sarajevu. Profilisani su za pru\u017eanje usluga iz oblasti privrednog prava.. Njihovo iskustvo i stru\u010dne kvalifikacije, u\u010de\u0161\u0107e u velikom broju slo\u017eenih transakcija, predstavljaju njihovo opredjeljenje na putu ka prepoznatljivom pravnom servisu na tr\u017ei\u0161tu Bosne i Hercegovine \u00a0 ZA KRAJ PORUKA KOLEGAMA SA STUDIJA? Neizmjerno sam sre\u0107na jer mi je prvo iskustvo bilo upravo ovako pozitivno, zatim jer fakultet daje priliku da napredujemo i usmjeravamo se za \u017eivotni poziv. \u017delim svim kolegama da poru\u010dim da se trude oko svojih ocjena, koliko god da one mo\u017eda nisu mjerilo na\u0161eg znanje, \u010dinjenica je da nam one pru\u017eaju brojne mogu\u0107nosti, koje nisu male s obzirom na dana\u0161nju konkurenciju. Iskreno se nadam da \u0107u i sljede\u0107e godine imati priliku da obavljam praku u nekoj od advokatskih kancelarija, jer pored svega nau\u010denog, ljudi sa kojim sam sara\u0111ivala su me motivisali da radim \u0161to vi\u0161e i da postanem svjesna da se svaki trud isplati.<\/p>\n","protected":false},"author":1,"featured_media":542,"comment_status":"open","ping_status":"closed","sticky":false,"template":"elementor_canvas","format":"standard","meta":{"footnotes":""},"categories":[1],"tags":[],"class_list":["post-540","post","type-post","status-publish","format-standard","has-post-thumbnail","hentry","category-uncategorized","entry"],"_links":{"self":[{"href":"https:\/\/cvk-apeiron.ba\/index.php\/wp-json\/wp\/v2\/posts\/540","targetHints":{"allow":["GET"]}}],"collection":[{"href":"https:\/\/cvk-apeiron.ba\/index.php\/wp-json\/wp\/v2\/posts"}],"about":[{"href":"https:\/\/cvk-apeiron.ba\/index.php\/wp-json\/wp\/v2\/types\/post"}],"author":[{"embeddable":true,"href":"https:\/\/cvk-apeiron.ba\/index.php\/wp-json\/wp\/v2\/users\/1"}],"replies":[{"embeddable":true,"href":"https:\/\/cvk-apeiron.ba\/index.php\/wp-json\/wp\/v2\/comments?post=540"}],"version-history":[{"count":8,"href":"https:\/\/cvk-apeiron.ba\/index.php\/wp-json\/wp\/v2\/posts\/540\/revisions"}],"predecessor-version":[{"id":1254,"href":"https:\/\/cvk-apeiron.ba\/index.php\/wp-json\/wp\/v2\/posts\/540\/revisions\/1254"}],"wp:featuredmedia":[{"embeddable":true,"href":"https:\/\/cvk-apeiron.ba\/index.php\/wp-json\/wp\/v2\/media\/542"}],"wp:attachment":[{"href":"https:\/\/cvk-apeiron.ba\/index.php\/wp-json\/wp\/v2\/media?parent=540"}],"wp:term":[{"taxonomy":"category","embeddable":true,"href":"https:\/\/cvk-apeiron.ba\/index.php\/wp-json\/wp\/v2\/categories?post=540"},{"taxonomy":"post_tag","embeddable":true,"href":"https:\/\/cvk-apeiron.ba\/index.php\/wp-json\/wp\/v2\/tags?post=540"}],"curies":[{"name":"wp","href":"https:\/\/api.w.org\/{rel}","templated":true}]}}