{"id":2548,"date":"2026-01-30T12:01:00","date_gmt":"2026-01-30T12:01:00","guid":{"rendered":"https:\/\/cvk-apeiron.ba\/?p=2548"},"modified":"2026-01-30T12:05:57","modified_gmt":"2026-01-30T12:05:57","slug":"otvorene-prijave-za-strucnu-praksa-na-atv","status":"publish","type":"post","link":"https:\/\/cvk-apeiron.ba\/index.php\/2026\/01\/30\/otvorene-prijave-za-strucnu-praksa-na-atv\/","title":{"rendered":"Otvorene prijave za stru\u010dnu praksa na ATV\u00a0"},"content":{"rendered":"\t\t<div data-elementor-type=\"wp-post\" data-elementor-id=\"2548\" class=\"elementor elementor-2548\" data-elementor-settings=\"{&quot;ha_cmc_init_switcher&quot;:&quot;no&quot;}\">\n\t\t\t\t\t\t<section class=\"elementor-section elementor-top-section elementor-element elementor-element-5d569ea6 elementor-section-content-middle elementor-section-boxed elementor-section-height-default elementor-section-height-default wpr-particle-no wpr-jarallax-no wpr-parallax-no wpr-sticky-section-no\" data-id=\"5d569ea6\" data-element_type=\"section\" data-settings=\"{&quot;background_background&quot;:&quot;classic&quot;,&quot;_ha_eqh_enable&quot;:false}\">\n\t\t\t\t\t\t<div class=\"elementor-container elementor-column-gap-default\">\n\t\t\t\t\t<div class=\"elementor-column elementor-col-50 elementor-top-column elementor-element elementor-element-12d951be\" data-id=\"12d951be\" data-element_type=\"column\">\n\t\t\t<div class=\"elementor-widget-wrap elementor-element-populated\">\n\t\t\t\t\t\t<div class=\"elementor-element elementor-element-1afcccf6 elementor-widget elementor-widget-heading\" data-id=\"1afcccf6\" data-element_type=\"widget\" data-widget_type=\"heading.default\">\n\t\t\t\t<div class=\"elementor-widget-container\">\n\t\t\t\t\t<h2 class=\"elementor-heading-title elementor-size-default\">Otvorene prijave za stru\u010dnu praksa na ATV\u00a0<\/h2>\t\t\t\t<\/div>\n\t\t\t\t<\/div>\n\t\t\t\t<div class=\"elementor-element elementor-element-1f3053d0 elementor-widget-divider--view-line elementor-widget elementor-widget-divider\" data-id=\"1f3053d0\" data-element_type=\"widget\" data-widget_type=\"divider.default\">\n\t\t\t\t<div class=\"elementor-widget-container\">\n\t\t\t\t\t\t\t<div class=\"elementor-divider\">\n\t\t\t<span class=\"elementor-divider-separator\">\n\t\t\t\t\t\t<\/span>\n\t\t<\/div>\n\t\t\t\t\t\t<\/div>\n\t\t\t\t<\/div>\n\t\t\t\t<div class=\"elementor-element elementor-element-367dc87 elementor-widget elementor-widget-ha-post-info happy-addon ha-post-info\" data-id=\"367dc87\" data-element_type=\"widget\" data-widget_type=\"ha-post-info.default\">\n\t\t\t\t<div class=\"elementor-widget-container\">\n\t\t\t\t\t\t\t<ul class=\"ha-inline-items ha-icon-list-items ha-post-info\">\n\t\t\t\t\t<li class=\"ha-icon-list-item elementor-repeater-item-ab28e8c ha-inline-item\" itemprop=\"datePublished\">\n\t\t\t\t\t\t\t\t\t\t<span class=\"ha-icon-list-icon\">\n\t\t\t\t\t\t\t\t<svg aria-hidden=\"true\" class=\"e-font-icon-svg e-fas-calendar\" viewBox=\"0 0 448 512\" xmlns=\"http:\/\/www.w3.org\/2000\/svg\"><path d=\"M12 192h424c6.6 0 12 5.4 12 12v260c0 26.5-21.5 48-48 48H48c-26.5 0-48-21.5-48-48V204c0-6.6 5.4-12 12-12zm436-44v-36c0-26.5-21.5-48-48-48h-48V12c0-6.6-5.4-12-12-12h-40c-6.6 0-12 5.4-12 12v52H160V12c0-6.6-5.4-12-12-12h-40c-6.6 0-12 5.4-12 12v52H48C21.5 64 0 85.5 0 112v36c0 6.6 5.4 12 12 12h424c6.6 0 12-5.4 12-12z\"><\/path><\/svg>\t\t\t\t\t\t\t<\/span>\n\t\t\t\t\t\t\t\t\t<span class=\"ha-icon-list-text ha-post-info__item ha-post-info__item--type-date\">\n\t\t\t\t\t\t\t\t\t\tJanuary 30, 2026\t\t\t\t\t<\/span>\n\t\t\t\t\t\t\t\t<\/li>\n\t\t\t\t<\/ul>\n\t\t\t\t\t\t<\/div>\n\t\t\t\t<\/div>\n\t\t\t\t<div class=\"elementor-element elementor-element-7ca7f8d7 elementor-widget__width-initial elementor-widget elementor-widget-text-editor\" data-id=\"7ca7f8d7\" data-element_type=\"widget\" data-widget_type=\"text-editor.default\">\n\t\t\t\t<div class=\"elementor-widget-container\">\n\t\t\t\t\t\t\t\t\t<div class=\"x_elementToProof\" data-ogsc=\"rgb(0, 0, 0)\" data-olk-copy-source=\"MessageBody\"><div class=\"x_elementToProof\" data-ogsc=\"rgb(0, 0, 0)\" data-olk-copy-source=\"MessageBody\"><div class=\"x_elementToProof\" data-ogsc=\"rgb(0, 0, 0)\" data-olk-copy-source=\"MessageBody\"><div class=\"x_elementToProof\" data-ogsc=\"rgb(0, 0, 0)\"><div class=\"x_elementToProof\" data-ogsc=\"black\" data-ogsb=\"rgb(255, 255, 255)\" data-olk-copy-source=\"MessageBody\"><div class=\"x_elementToProof\" data-ogsc=\"black\" data-ogsb=\"rgb(255, 255, 255)\" data-olk-copy-source=\"MessageBody\"><div class=\"x_elementToProof\" data-ogsc=\"rgb(0, 0, 0)\"><div class=\"x_elementToProof\" data-ogsc=\"rgb(0, 0, 0)\" data-olk-copy-source=\"MessageBody\"><div class=\"x_elementToProof\" data-ogsc=\"rgb(0, 0, 0)\" data-olk-copy-source=\"MessageBody\"><div class=\"x_elementToProof\" data-ogsc=\"black\" data-olk-copy-source=\"MessageBody\">Stru\u010dna praksa na Alterantivnoj televiziji namijenjena je studentima II i III godine Fakulteta informacionih tehnologija (Ra\u010dunarska multimedija i grafika)<\/div><div data-ogsc=\"black\" data-olk-copy-source=\"MessageBody\">\u00a0<\/div><div class=\"x_elementToProof\" data-ogsc=\"black\" data-olk-copy-source=\"MessageBody\"><strong>Praksa traje mjesec dana, odnosno 80 sati.<\/strong> Broj slobodnih mjesta je <strong>15<\/strong>. Studenti koji uspje\u0161no zavr\u0161e program stru\u010dne prakse na Alternativnoj televiziji imaju pravo na<strong> 5 ECTS<\/strong> bodova.\u00a0<\/div><div id=\"x_x_replybody1\" class=\"x_elementToProof\"><div data-ogsc=\"black\">\u00a0<\/div><div class=\"x_elementToProof\" data-ogsc=\"black\"><strong>Rok za prijavu je 15.02.2026. godine. Prijave i upite slati na: <span style=\"text-decoration: underline;\">natasa.m.stupar@apeiron-edu.eu<\/span><\/strong><\/div><\/div><div data-ogsc=\"black\">\u00a0<\/div><div class=\"x_elementToProof\" data-ogsc=\"black\">Ovo je prilika da steknite prakti\u010dno iskustvo, unaprijedite svoje vje\u0161tine i obogatite CV kroz stru\u010dnu praksu u savremenom okru\u017eenju.\u00a0<\/div><div class=\"x_elementToProof\" data-ogsc=\"black\"><strong>Prijavite se!<\/strong><\/div><\/div><\/div><\/div><\/div><\/div><\/div><\/div><\/div><\/div>\t\t\t\t\t\t\t\t<\/div>\n\t\t\t\t<\/div>\n\t\t\t\t\t<\/div>\n\t\t<\/div>\n\t\t\t\t<div class=\"elementor-column elementor-col-50 elementor-top-column elementor-element elementor-element-28f43440\" data-id=\"28f43440\" data-element_type=\"column\">\n\t\t\t<div class=\"elementor-widget-wrap elementor-element-populated\">\n\t\t\t\t\t\t<div class=\"elementor-element elementor-element-c375ea6 elementor-position-top ha-has-bg-overlay elementor-widget elementor-widget-image-box\" data-id=\"c375ea6\" data-element_type=\"widget\" data-widget_type=\"image-box.default\">\n\t\t\t\t<div class=\"elementor-widget-container\">\n\t\t\t\t\t<div class=\"elementor-image-box-wrapper\"><figure class=\"elementor-image-box-img\"><a href=\"https:\/\/cvk-apeiron.ba\/wp-content\/uploads\/2026\/01\/Strucna-praksa-2-1-scaled.png\" tabindex=\"-1\"><img fetchpriority=\"high\" decoding=\"async\" width=\"2048\" height=\"2560\" src=\"https:\/\/cvk-apeiron.ba\/wp-content\/uploads\/2026\/01\/Strucna-praksa-2-1-scaled.png\" class=\"attachment-full size-full wp-image-2549\" alt=\"\" style=\"width:100%;height:125%;max-width:2048px\" srcset=\"https:\/\/cvk-apeiron.ba\/wp-content\/uploads\/2026\/01\/Strucna-praksa-2-1-scaled.png 2048w, https:\/\/cvk-apeiron.ba\/wp-content\/uploads\/2026\/01\/Strucna-praksa-2-1-240x300.png 240w, https:\/\/cvk-apeiron.ba\/wp-content\/uploads\/2026\/01\/Strucna-praksa-2-1-819x1024.png 819w, https:\/\/cvk-apeiron.ba\/wp-content\/uploads\/2026\/01\/Strucna-praksa-2-1-768x960.png 768w, https:\/\/cvk-apeiron.ba\/wp-content\/uploads\/2026\/01\/Strucna-praksa-2-1-1229x1536.png 1229w\" sizes=\"(max-width: 2048px) 100vw, 2048px\" \/><\/a><\/figure><\/div>\t\t\t\t<\/div>\n\t\t\t\t<\/div>\n\t\t\t\t\t<\/div>\n\t\t<\/div>\n\t\t\t\t\t<\/div>\n\t\t<\/section>\n\t\t\t\t<\/div>\n\t\t","protected":false},"excerpt":{"rendered":"<p>Otvorene prijave za stru\u010dnu praksa na ATV\u00a0 January 30, 2026 Stru\u010dna praksa na Alterantivnoj televiziji namijenjena je studentima II i III godine Fakulteta informacionih tehnologija (Ra\u010dunarska multimedija i grafika)\u00a0Praksa traje mjesec dana, odnosno 80 sati. Broj slobodnih mjesta je 15. Studenti koji uspje\u0161no zavr\u0161e program stru\u010dne prakse na Alternativnoj televiziji imaju pravo na 5 ECTS bodova.\u00a0\u00a0Rok za prijavu je 15.02.2026. godine. Prijave i upite slati na: natasa.m.stupar@apeiron-edu.eu\u00a0Ovo je prilika da steknite prakti\u010dno iskustvo, unaprijedite svoje vje\u0161tine i obogatite CV kroz stru\u010dnu praksu u savremenom okru\u017eenju.\u00a0Prijavite se!<\/p>\n","protected":false},"author":1,"featured_media":2545,"comment_status":"closed","ping_status":"closed","sticky":false,"template":"elementor_header_footer","format":"standard","meta":{"footnotes":""},"categories":[5],"tags":[],"class_list":["post-2548","post","type-post","status-publish","format-standard","has-post-thumbnail","hentry","category-praksa","entry"],"_links":{"self":[{"href":"https:\/\/cvk-apeiron.ba\/index.php\/wp-json\/wp\/v2\/posts\/2548","targetHints":{"allow":["GET"]}}],"collection":[{"href":"https:\/\/cvk-apeiron.ba\/index.php\/wp-json\/wp\/v2\/posts"}],"about":[{"href":"https:\/\/cvk-apeiron.ba\/index.php\/wp-json\/wp\/v2\/types\/post"}],"author":[{"embeddable":true,"href":"https:\/\/cvk-apeiron.ba\/index.php\/wp-json\/wp\/v2\/users\/1"}],"replies":[{"embeddable":true,"href":"https:\/\/cvk-apeiron.ba\/index.php\/wp-json\/wp\/v2\/comments?post=2548"}],"version-history":[{"count":4,"href":"https:\/\/cvk-apeiron.ba\/index.php\/wp-json\/wp\/v2\/posts\/2548\/revisions"}],"predecessor-version":[{"id":2553,"href":"https:\/\/cvk-apeiron.ba\/index.php\/wp-json\/wp\/v2\/posts\/2548\/revisions\/2553"}],"wp:featuredmedia":[{"embeddable":true,"href":"https:\/\/cvk-apeiron.ba\/index.php\/wp-json\/wp\/v2\/media\/2545"}],"wp:attachment":[{"href":"https:\/\/cvk-apeiron.ba\/index.php\/wp-json\/wp\/v2\/media?parent=2548"}],"wp:term":[{"taxonomy":"category","embeddable":true,"href":"https:\/\/cvk-apeiron.ba\/index.php\/wp-json\/wp\/v2\/categories?post=2548"},{"taxonomy":"post_tag","embeddable":true,"href":"https:\/\/cvk-apeiron.ba\/index.php\/wp-json\/wp\/v2\/tags?post=2548"}],"curies":[{"name":"wp","href":"https:\/\/api.w.org\/{rel}","templated":true}]}}